{"id":2568,"date":"2024-07-31T08:58:41","date_gmt":"2024-07-31T06:58:41","guid":{"rendered":"https:\/\/b311n-b313.de\/?post_type=pressemitteilung&#038;p=2568"},"modified":"2024-08-02T11:34:08","modified_gmt":"2024-08-02T09:34:08","slug":"fachworkshop-bringt-buergerinnen-und-buerger-auf-den-neuesten-stand-zur-b311n-b313","status":"publish","type":"pressemitteilung","link":"https:\/\/b311n-b313.de\/?pressemitteilung=fachworkshop-bringt-buergerinnen-und-buerger-auf-den-neuesten-stand-zur-b311n-b313","title":{"rendered":"Fachworkshop bringt B\u00fcrgerinnen und B\u00fcrger auf den neuesten Stand zur B311n\/B313"},"content":{"rendered":"\t\t<div data-elementor-type=\"wp-post\" data-elementor-id=\"2568\" class=\"elementor elementor-2568\" data-elementor-post-type=\"pressemitteilung\">\n\t\t\t\t\t\t<section class=\"elementor-section elementor-top-section elementor-element elementor-element-7388330c elementor-section-boxed elementor-section-height-default elementor-section-height-default\" data-id=\"7388330c\" data-element_type=\"section\">\n\t\t\t\t\t\t<div class=\"elementor-container elementor-column-gap-default\">\n\t\t\t\t\t<div class=\"elementor-column elementor-col-100 elementor-top-column elementor-element elementor-element-5f295056\" data-id=\"5f295056\" data-element_type=\"column\" data-settings=\"{&quot;background_background&quot;:&quot;classic&quot;}\">\n\t\t\t<div class=\"elementor-widget-wrap elementor-element-populated\">\n\t\t\t\t\t\t<div class=\"elementor-element elementor-element-35b5e740 elementor-widget elementor-widget-heading\" data-id=\"35b5e740\" data-element_type=\"widget\" data-widget_type=\"heading.default\">\n\t\t\t\t<div class=\"elementor-widget-container\">\n\t\t\t<h2 class=\"elementor-heading-title elementor-size-default\">05.07.2024<\/h2>\t\t<\/div>\n\t\t\t\t<\/div>\n\t\t\t\t<div class=\"elementor-element elementor-element-15e8291d elementor-widget elementor-widget-heading\" data-id=\"15e8291d\" data-element_type=\"widget\" data-widget_type=\"heading.default\">\n\t\t\t\t<div class=\"elementor-widget-container\">\n\t\t\t<h1 class=\"elementor-heading-title elementor-size-default\">Fachworkshop bringt B\u00fcrgerinnen und B\u00fcrger auf den neuesten Stand zur B311n\/B313<\/h1>\t\t<\/div>\n\t\t\t\t<\/div>\n\t\t\t\t<div class=\"elementor-element elementor-element-6f7865b elementor-widget elementor-widget-heading\" data-id=\"6f7865b\" data-element_type=\"widget\" data-widget_type=\"heading.default\">\n\t\t\t\t<div class=\"elementor-widget-container\">\n\t\t\t<h3 class=\"elementor-heading-title elementor-size-default\"><a href=\"https:\/\/b311n-b313.de\/?page_id=12\">Subtitle<\/a><\/h3>\t\t<\/div>\n\t\t\t\t<\/div>\n\t\t\t\t\t<\/div>\n\t\t<\/div>\n\t\t\t\t\t<\/div>\n\t\t<\/section>\n\t\t\t\t<section class=\"elementor-section elementor-top-section elementor-element elementor-element-153cc5ea elementor-section-boxed elementor-section-height-default elementor-section-height-default\" data-id=\"153cc5ea\" data-element_type=\"section\">\n\t\t\t\t\t\t<div class=\"elementor-container elementor-column-gap-default\">\n\t\t\t\t\t<div class=\"elementor-column elementor-col-100 elementor-top-column elementor-element elementor-element-65076aa5\" data-id=\"65076aa5\" data-element_type=\"column\">\n\t\t\t<div class=\"elementor-widget-wrap elementor-element-populated\">\n\t\t\t\t\t\t<div class=\"elementor-element elementor-element-77b0f6b2 elementor-widget elementor-widget-text-editor\" data-id=\"77b0f6b2\" data-element_type=\"widget\" data-widget_type=\"text-editor.default\">\n\t\t\t\t<div class=\"elementor-widget-container\">\n\t\t\t\t\t\t\t<p>Mehr als 40 B\u00fcrgerinnen und B\u00fcrger haben auf Einladung des Landkreises Sigmaringen an einem Fachworkshop zur Stra\u00dfenplanung der B311n\/B313 zwischen Me\u00dfkirch und Mengen teilgenommen \u2013 darunter Kreis-, Gemeinde- und Ortschaftsr\u00e4te, Vertreter von B\u00fcrgerinitiativen und Verb\u00e4nden und weitere Interessierte. Im Landratsamt besprachen sie mit den unterschiedlichen Fachgutachtern den derzeitigen Planungsstand.<\/p><p>\u201eDie heutige Veranstaltung baut auf dem Trassenworkshop aus dem Jahr 2022 auf, bei dem das Landratsamt Hinweise, Fragen und weitere Planungsvorschl\u00e4ge erhalten hat\u201c, erl\u00e4uterte Landr\u00e4tin Stefanie B\u00fcrkle zu Beginn. \u201eJetzt besteht die M\u00f6glichkeit, R\u00fcckmeldungen dazu zu erhalten, aber auch aktuelle Fragestellungen direkt mit den Gutachterinnen und Gutachtern der verschiedenen Fachbereiche zu besprechen.\u201c B\u00fcrkle bedankte sich f\u00fcr das gro\u00dfe Engagement der B\u00fcrgerinnen und B\u00fcrger im Planungsprozess, das sich bereits bei der Teilnahme an \u00f6ffentlichen Veranstaltungen und der Mitarbeit in begleitenden Facharbeitskreisen gezeigt hatte.<\/p><p>Im ersten Teil der Veranstaltung pr\u00e4sentierte Projektmanager Thomas Blum den aktuellen Ver-fahrensstand und erl\u00e4uterte, dass s\u00e4mtliche derzeit diskutierten Varianten optimiert und in die-sem Zug gegebenenfalls auch neue Varianten entwickelt werden. Teil II der Umweltvertr\u00e4glich-keitsstudie (\u201eUVS-Teil II\u201c) wird parallel zu den technischen Planungen im interdisziplin\u00e4ren Planungsprozesses bearbeitet. Die daraus gewonnenen Erkenntnisse flie\u00dfen wiederum in die Trassenoptimierung ein.<\/p><p>Anschlie\u00dfend erl\u00e4uterte Christoph Altmannshofer vom B\u00fcro Froelich &amp; Sporbeck GmbH &amp; Co. KG, das mit der Erarbeitung des zweiten Teils der Umweltvertr\u00e4glichkeitsstudie beauftragt wurde, das methodische Vorgehen. Er machte deutlich, dass zur Findung der Zielvariante viele verschiedene Pr\u00fcfaspekte abgearbeitet werden m\u00fcssen. Ziel der Umweltvertr\u00e4glichkeitsstudie sei es, die umweltvertr\u00e4glichste Variante zu finden. So m\u00fcssen zum Beispiel die Auswirkungen von messbaren Kriterien wie die Bodenversiegelung und nicht messbare Auswirkungen wie die Ver\u00e4nderung des Landschaftsbilds ber\u00fccksichtigt werden. Die verschiedenen Varianten k\u00f6nnen dann hinsichtlich der Beeintr\u00e4chtigungen von Schutzg\u00fctern und Umweltfunktionen bewertet werden.<\/p><p>Um die Varianten insgesamt bewerten zu k\u00f6nnen, m\u00fcssen dann noch weitere Kriterien wie die Verkehrswirksamkeit oder die Nutzen-Kosten-Analyse ber\u00fccksichtigt werden. Die abschlie\u00dfen-den Entscheidungen \u00fcber das Ausscheiden von Varianten beziehungsweise zur Vorzugsvariante trifft das Bundesverkehrsministerium als Vorhabentr\u00e4ger.<\/p><p>Im zweiten Teil der Veranstaltung bestand f\u00fcr die Teilnehmenden die M\u00f6glichkeit zum direkten Austausch mit den Fachgutachtern. Die Zwischenst\u00e4nde der Varianten, die derzeit optimiert werden, waren in die Bereiche Nord, Mitte und S\u00fcd des Untersuchungsraums aufgeteilt. Die Teilnehmenden konnten sich je nach pers\u00f6nlich gelagerten Interessen entsprechenden Arbeitsgruppen anschlie\u00dfen.<\/p><p>Die drei Gutachterteams setzten sich aus den Fachgebieten Verkehr\/Ingenieurbauwerke, Umwelt\/Baugrund und Luftschadstoffe\/L\u00e4rm zusammen und wechselten im Halbstundentakt zu den jeweiligen Arbeitsgruppen Nord, Mitte und S\u00fcd. So konnten in drei Diskussionsrunden viele verschiedene Themen direkt mit den jeweiligen Gutachtern diskutiert werden. In den Gruppen lagen \u00dcbersichtspl\u00e4ne aller vorl\u00e4ufiger Varianten einschlie\u00dflich detaillierter Trassen- und H\u00f6-henpl\u00e4ne aus. In einem Handout waren zus\u00e4tzlich die R\u00fcckmeldungen zu den Hinweisen aus dem vorausgegangenen Workshop vom Juli 2022 zusammengefasst und kommentiert.<\/p><p>Zum Abschluss der Veranstaltung bat Fridtjof Ilgner vom Moderationsb\u00fcro team ewen aus Darmstadt die Teilnehmenden um Feedback zur Veranstaltung, das fast durchweg positiv ausfiel: Die M\u00f6glichkeit, individuelle Fragen auf Augenh\u00f6he mit den jeweiligen Experten zu diskutieren, wurde sehr positiv beurteilt. Durch den Wechsel der Gutachterteams zwischen den einzelnen Gruppen wurde die Veranstaltung insgesamt als kurzweilig empfunden.<\/p><p>Abschlie\u00dfend dankte Projektmanager Thomas Blum den Teilnehmenden f\u00fcr die aktive Mitarbeit und die konstruktiven Diskussionen. \u201eDie fr\u00fchzeitige \u00d6ffentlichkeitsbeteiligung und Information lebt davon, dass Sie sich einbringen und die Planung begleiten \u2013 und zwar jetzt schon und nicht erst, wenn abschlie\u00dfende Variantenentscheidungen auf dem Tisch liegen\u201c, sagte Blum<\/p>\t\t\t\t\t\t<\/div>\n\t\t\t\t<\/div>\n\t\t\t\t\t<\/div>\n\t\t<\/div>\n\t\t\t\t\t<\/div>\n\t\t<\/section>\n\t\t\t\t<section class=\"elementor-section elementor-top-section elementor-element elementor-element-8422f66 elementor-section-boxed elementor-section-height-default elementor-section-height-default\" data-id=\"8422f66\" data-element_type=\"section\">\n\t\t\t\t\t\t<div class=\"elementor-container elementor-column-gap-default\">\n\t\t\t\t\t<div class=\"elementor-column elementor-col-50 elementor-top-column elementor-element elementor-element-23eeb70\" data-id=\"23eeb70\" data-element_type=\"column\">\n\t\t\t<div class=\"elementor-widget-wrap elementor-element-populated\">\n\t\t\t\t\t\t<div class=\"elementor-element elementor-element-479f4ff elementor-widget elementor-widget-image\" data-id=\"479f4ff\" data-element_type=\"widget\" data-widget_type=\"image.default\">\n\t\t\t\t<div class=\"elementor-widget-container\">\n\t\t\t\t\t\t\t\t\t\t<figure class=\"wp-caption\">\n\t\t\t\t\t\t\t\t\t\t<img fetchpriority=\"high\" decoding=\"async\" width=\"800\" height=\"600\" src=\"https:\/\/b311n-b313.de\/wp-content\/uploads\/2024\/03\/2024-160-PM-Fachworkshop-bringt-Buergerinnen-und-Buerger-auf-den-neuesten-Stand-zur-B311n-B313-Foto-1-1024x768.jpeg\" class=\"attachment-large size-large wp-image-2594\" alt=\"\" srcset=\"https:\/\/b311n-b313.de\/wp-content\/uploads\/2024\/03\/2024-160-PM-Fachworkshop-bringt-Buergerinnen-und-Buerger-auf-den-neuesten-Stand-zur-B311n-B313-Foto-1-1024x768.jpeg 1024w, https:\/\/b311n-b313.de\/wp-content\/uploads\/2024\/03\/2024-160-PM-Fachworkshop-bringt-Buergerinnen-und-Buerger-auf-den-neuesten-Stand-zur-B311n-B313-Foto-1-300x225.jpeg 300w, https:\/\/b311n-b313.de\/wp-content\/uploads\/2024\/03\/2024-160-PM-Fachworkshop-bringt-Buergerinnen-und-Buerger-auf-den-neuesten-Stand-zur-B311n-B313-Foto-1-768x576.jpeg 768w, https:\/\/b311n-b313.de\/wp-content\/uploads\/2024\/03\/2024-160-PM-Fachworkshop-bringt-Buergerinnen-und-Buerger-auf-den-neuesten-Stand-zur-B311n-B313-Foto-1-1536x1152.jpeg 1536w, https:\/\/b311n-b313.de\/wp-content\/uploads\/2024\/03\/2024-160-PM-Fachworkshop-bringt-Buergerinnen-und-Buerger-auf-den-neuesten-Stand-zur-B311n-B313-Foto-1-2048x1536.jpeg 2048w\" sizes=\"(max-width: 800px) 100vw, 800px\" \/>\t\t\t\t\t\t\t\t\t\t\t<figcaption class=\"widget-image-caption wp-caption-text\">Fachworkshop bringt B\u00fcrgerinnen und B\u00fcrger auf den neuesten Stand zur B311n-B313<\/figcaption>\n\t\t\t\t\t\t\t\t\t\t<\/figure>\n\t\t\t\t\t\t\t<\/div>\n\t\t\t\t<\/div>\n\t\t\t\t\t<\/div>\n\t\t<\/div>\n\t\t\t\t<div class=\"elementor-column elementor-col-50 elementor-top-column elementor-element elementor-element-7f33609\" data-id=\"7f33609\" data-element_type=\"column\">\n\t\t\t<div class=\"elementor-widget-wrap elementor-element-populated\">\n\t\t\t\t\t\t<div class=\"elementor-element elementor-element-766b1f3 elementor-widget elementor-widget-image\" data-id=\"766b1f3\" data-element_type=\"widget\" data-widget_type=\"image.default\">\n\t\t\t\t<div class=\"elementor-widget-container\">\n\t\t\t\t\t\t\t\t\t\t<figure class=\"wp-caption\">\n\t\t\t\t\t\t\t\t\t\t<img decoding=\"async\" width=\"800\" height=\"600\" src=\"https:\/\/b311n-b313.de\/wp-content\/uploads\/2024\/03\/2024-160-PM-Fachworkshop-bringt-Buergerinnen-und-Buerger-auf-den-neuesten-Stand-zur-B311n-B313-Foto-2-1024x768.jpeg\" class=\"attachment-large size-large wp-image-2598\" alt=\"\" srcset=\"https:\/\/b311n-b313.de\/wp-content\/uploads\/2024\/03\/2024-160-PM-Fachworkshop-bringt-Buergerinnen-und-Buerger-auf-den-neuesten-Stand-zur-B311n-B313-Foto-2-1024x768.jpeg 1024w, https:\/\/b311n-b313.de\/wp-content\/uploads\/2024\/03\/2024-160-PM-Fachworkshop-bringt-Buergerinnen-und-Buerger-auf-den-neuesten-Stand-zur-B311n-B313-Foto-2-300x225.jpeg 300w, https:\/\/b311n-b313.de\/wp-content\/uploads\/2024\/03\/2024-160-PM-Fachworkshop-bringt-Buergerinnen-und-Buerger-auf-den-neuesten-Stand-zur-B311n-B313-Foto-2-768x576.jpeg 768w, https:\/\/b311n-b313.de\/wp-content\/uploads\/2024\/03\/2024-160-PM-Fachworkshop-bringt-Buergerinnen-und-Buerger-auf-den-neuesten-Stand-zur-B311n-B313-Foto-2-1536x1152.jpeg 1536w, https:\/\/b311n-b313.de\/wp-content\/uploads\/2024\/03\/2024-160-PM-Fachworkshop-bringt-Buergerinnen-und-Buerger-auf-den-neuesten-Stand-zur-B311n-B313-Foto-2-2048x1536.jpeg 2048w\" sizes=\"(max-width: 800px) 100vw, 800px\" \/>\t\t\t\t\t\t\t\t\t\t\t<figcaption class=\"widget-image-caption wp-caption-text\">Fragestellungen werden mit Projektmanager Blum besprochen<\/figcaption>\n\t\t\t\t\t\t\t\t\t\t<\/figure>\n\t\t\t\t\t\t\t<\/div>\n\t\t\t\t<\/div>\n\t\t\t\t\t<\/div>\n\t\t<\/div>\n\t\t\t\t\t<\/div>\n\t\t<\/section>\n\t\t\t\t<\/div>\n\t\t","protected":false},"featured_media":0,"template":"elementor_canvas","categories":[],"tags":[],"class_list":["post-2568","pressemitteilung","type-pressemitteilung","status-publish","hentry"],"acf":[],"_links":{"self":[{"href":"https:\/\/b311n-b313.de\/index.php?rest_route=\/wp\/v2\/pressemitteilung\/2568","targetHints":{"allow":["GET"]}}],"collection":[{"href":"https:\/\/b311n-b313.de\/index.php?rest_route=\/wp\/v2\/pressemitteilung"}],"about":[{"href":"https:\/\/b311n-b313.de\/index.php?rest_route=\/wp\/v2\/types\/pressemitteilung"}],"version-history":[{"count":7,"href":"https:\/\/b311n-b313.de\/index.php?rest_route=\/wp\/v2\/pressemitteilung\/2568\/revisions"}],"predecessor-version":[{"id":2604,"href":"https:\/\/b311n-b313.de\/index.php?rest_route=\/wp\/v2\/pressemitteilung\/2568\/revisions\/2604"}],"wp:attachment":[{"href":"https:\/\/b311n-b313.de\/index.php?rest_route=%2Fwp%2Fv2%2Fmedia&parent=2568"}],"wp:term":[{"taxonomy":"category","embeddable":true,"href":"https:\/\/b311n-b313.de\/index.php?rest_route=%2Fwp%2Fv2%2Fcategories&post=2568"},{"taxonomy":"post_tag","embeddable":true,"href":"https:\/\/b311n-b313.de\/index.php?rest_route=%2Fwp%2Fv2%2Ftags&post=2568"}],"curies":[{"name":"wp","href":"https:\/\/api.w.org\/{rel}","templated":true}]}}